{"id":1772,"date":"2012-01-27T06:10:12","date_gmt":"2012-01-27T09:10:12","guid":{"rendered":"https:\/\/chrisallmeida.com\/blog\/?p=1772"},"modified":"2012-01-27T06:10:12","modified_gmt":"2012-01-27T09:10:12","slug":"cura-interior-2a-parte","status":"publish","type":"post","link":"https:\/\/chrisallmeida.com\/blog\/blog\/2012\/01\/cura-interior-2a-parte\/","title":{"rendered":"Cura Interior &#8211; 2a. Parte"},"content":{"rendered":"<p>Na quarta passada eu publiquei aqui no meu blog a primeira parte da palestra cura interior. Segue agora a segunda e \u00faltima parte deste trabalho.<br \/>\n<object type=\"application\/x-shockwave-flash\" data=\"https:\/\/chrisallmeida.com\/audio\/player.swf\" id=\"audioplayer2\" height=\"24\" width=\"290\"><param name=\"movie\" value=\"https:\/\/chrisallmeida.com\/audio\/player.swf\"><param name=\"FlashVars\" value=\"playerID=audioplayer1&#038;soundFile=https:\/\/chrisallmeida.com\/podcast\/270112.mp3\"><param name=\"quality\" value=\"high\"><param name=\"menu\" value=\"false\"><param name=\"wmode\" value=\"transparent\"><\/object><br \/><a href=\"https:\/\/chrisallmeida.com\/podcast\/270112.mp3\" target=\"_blank\" rel=\"noopener\">\u00c1udio em MP3<\/a> | <a href=\"https:\/\/chrisallmeida.com\/podcast\/download.php?arquivo=270112.mp3\">Fazer o download<\/a><br \/>\nVeja tamb\u00e9m:<br \/>\n<a href=\"https:\/\/chrisallmeida.com\/blog\/2012\/01\/cura-interior-1a-parte\/\">Cura Interior &#8211; 1a. Parte<\/a><br \/>\nSucesso e Felicidade Para Voc\u00ea!<br \/>\n<a href=\"https:\/\/i0.wp.com\/wpchrisallmeida.s3.amazonaws.com\/wp-content\/uploads\/2011\/05\/assinatura-chrisallmeida-300.jpg\"><img data-recalc-dims=\"1\" loading=\"lazy\" decoding=\"async\" src=\"https:\/\/i0.wp.com\/wpchrisallmeida.s3.amazonaws.com\/wp-content\/uploads\/2011\/05\/assinatura-chrisallmeida-300.jpg?resize=300%2C59&#038;ssl=1\" alt=\"\" title=\"assinatura-chrisallmeida-300\" width=\"300\" height=\"59\" class=\"alignnone size-full wp-image-306\" \/><\/a><\/p>\n","protected":false},"excerpt":{"rendered":"<p>Na quarta passada eu publiquei aqui no meu blog a primeira parte da palestra cura interior. Segue agora a segunda e \u00faltima parte deste trabalho. \u00c1udio em MP3 | Fazer o download Veja tamb\u00e9m: Cura Interior &#8211; 1a. Parte Sucesso e Felicidade Para Voc\u00ea!<\/p>\n","protected":false},"author":2,"featured_media":0,"comment_status":"open","ping_status":"closed","sticky":false,"template":"","format":"standard","meta":{"_jetpack_memberships_contains_paid_content":false,"footnotes":"","_wp_rev_ctl_limit":""},"categories":[45],"tags":[377,378,1124],"class_list":["post-1772","post","type-post","status-publish","format-standard","hentry","category-saude-qualidade-de-vida","tag-cura","tag-cura-interior","tag-saude"],"aioseo_notices":[],"aioseo_head":"\n\t\t<!-- All in One SEO 4.9.9 - aioseo.com -->\n\t<meta name=\"description\" content=\"Na quarta passada eu publiquei aqui no meu blog a primeira parte da palestra cura interior. Segue agora a segunda e \u00faltima parte deste trabalho. \u00c1udio em MP3 | Fazer o download Veja tamb\u00e9m: Cura Interior - 1a. Parte Sucesso e Felicidade Para Voc\u00ea!\" \/>\n\t<meta name=\"robots\" content=\"max-image-preview:large\" \/>\n\t<meta name=\"author\" content=\"Chris Allmeida\"\/>\n\t<link rel=\"canonical\" href=\"https:\/\/chrisallmeida.com\/blog\/blog\/2012\/01\/cura-interior-2a-parte\/\" \/>\n\t<meta name=\"generator\" content=\"All in One SEO (AIOSEO) 4.9.9\" \/>\n\t\t<meta property=\"og:locale\" content=\"pt_BR\" \/>\n\t\t<meta property=\"og:site_name\" content=\"CHRIS ALLMEIDA BLOG - Sucesso e Felicidade para Voc\u00ea!\" \/>\n\t\t<meta property=\"og:type\" content=\"article\" \/>\n\t\t<meta property=\"og:title\" content=\"Cura Interior \u2013 2a. Parte - CHRIS ALLMEIDA BLOG\" \/>\n\t\t<meta property=\"og:description\" content=\"Na quarta passada eu publiquei aqui no meu blog a primeira parte da palestra cura interior. Segue agora a segunda e \u00faltima parte deste trabalho. \u00c1udio em MP3 | Fazer o download Veja tamb\u00e9m: Cura Interior - 1a. Parte Sucesso e Felicidade Para Voc\u00ea!\" \/>\n\t\t<meta property=\"og:url\" content=\"https:\/\/chrisallmeida.com\/blog\/blog\/2012\/01\/cura-interior-2a-parte\/\" \/>\n\t\t<meta property=\"article:published_time\" content=\"2012-01-27T09:10:12+00:00\" \/>\n\t\t<meta property=\"article:modified_time\" content=\"2012-01-27T09:10:12+00:00\" \/>\n\t\t<meta property=\"article:publisher\" content=\"https:\/\/facebook.com\/chrisallmeida\" \/>\n\t\t<meta name=\"twitter:card\" content=\"summary\" \/>\n\t\t<meta name=\"twitter:site\" content=\"@chrisallmeida\" \/>\n\t\t<meta name=\"twitter:title\" content=\"Cura Interior \u2013 2a. Parte - CHRIS ALLMEIDA BLOG\" \/>\n\t\t<meta name=\"twitter:description\" content=\"Na quarta passada eu publiquei aqui no meu blog a primeira parte da palestra cura interior. Segue agora a segunda e \u00faltima parte deste trabalho. \u00c1udio em MP3 | Fazer o download Veja tamb\u00e9m: Cura Interior - 1a. Parte Sucesso e Felicidade Para Voc\u00ea!\" \/>\n\t\t<meta name=\"twitter:creator\" content=\"@chrisallmeida\" \/>\n\t\t<script type=\"application\/ld+json\" class=\"aioseo-schema\">\n\t\t\t{\"@context\":\"https:\\\/\\\/schema.org\",\"@graph\":[{\"@type\":\"BlogPosting\",\"@id\":\"https:\\\/\\\/chrisallmeida.com\\\/blog\\\/blog\\\/2012\\\/01\\\/cura-interior-2a-parte\\\/#blogposting\",\"name\":\"Cura Interior \\u2013 2a. Parte - CHRIS ALLMEIDA BLOG\",\"headline\":\"Cura Interior &#8211; 2a. Parte\",\"author\":{\"@id\":\"https:\\\/\\\/chrisallmeida.com\\\/blog\\\/blog\\\/author\\\/user\\\/#author\"},\"publisher\":{\"@id\":\"https:\\\/\\\/chrisallmeida.com\\\/blog\\\/#person\"},\"image\":{\"@type\":\"ImageObject\",\"url\":\"https:\\\/\\\/wpchrisallmeida.s3.amazonaws.com\\\/wp-content\\\/uploads\\\/2011\\\/05\\\/assinatura-chrisallmeida-300.jpg\",\"@id\":\"https:\\\/\\\/chrisallmeida.com\\\/blog\\\/blog\\\/2012\\\/01\\\/cura-interior-2a-parte\\\/#articleImage\"},\"datePublished\":\"2012-01-27T06:10:12-02:00\",\"dateModified\":\"2012-01-27T06:10:12-02:00\",\"inLanguage\":\"pt-BR\",\"mainEntityOfPage\":{\"@id\":\"https:\\\/\\\/chrisallmeida.com\\\/blog\\\/blog\\\/2012\\\/01\\\/cura-interior-2a-parte\\\/#webpage\"},\"isPartOf\":{\"@id\":\"https:\\\/\\\/chrisallmeida.com\\\/blog\\\/blog\\\/2012\\\/01\\\/cura-interior-2a-parte\\\/#webpage\"},\"articleSection\":\"Sa\\u00fade e Qualidade de Vida, cura, cura interior, sa\\u00fade\"},{\"@type\":\"BreadcrumbList\",\"@id\":\"https:\\\/\\\/chrisallmeida.com\\\/blog\\\/blog\\\/2012\\\/01\\\/cura-interior-2a-parte\\\/#breadcrumblist\",\"itemListElement\":[{\"@type\":\"ListItem\",\"@id\":\"https:\\\/\\\/chrisallmeida.com\\\/blog#listItem\",\"position\":1,\"name\":\"In\\u00edcio\",\"item\":\"https:\\\/\\\/chrisallmeida.com\\\/blog\",\"nextItem\":{\"@type\":\"ListItem\",\"@id\":\"https:\\\/\\\/chrisallmeida.com\\\/blog\\\/collections\\\/saude-qualidade-de-vida\\\/#listItem\",\"name\":\"Sa\\u00fade e Qualidade de Vida\"}},{\"@type\":\"ListItem\",\"@id\":\"https:\\\/\\\/chrisallmeida.com\\\/blog\\\/collections\\\/saude-qualidade-de-vida\\\/#listItem\",\"position\":2,\"name\":\"Sa\\u00fade e Qualidade de Vida\",\"item\":\"https:\\\/\\\/chrisallmeida.com\\\/blog\\\/collections\\\/saude-qualidade-de-vida\\\/\",\"nextItem\":{\"@type\":\"ListItem\",\"@id\":\"https:\\\/\\\/chrisallmeida.com\\\/blog\\\/blog\\\/2012\\\/01\\\/cura-interior-2a-parte\\\/#listItem\",\"name\":\"Cura Interior &#8211; 2a. Parte\"},\"previousItem\":{\"@type\":\"ListItem\",\"@id\":\"https:\\\/\\\/chrisallmeida.com\\\/blog#listItem\",\"name\":\"In\\u00edcio\"}},{\"@type\":\"ListItem\",\"@id\":\"https:\\\/\\\/chrisallmeida.com\\\/blog\\\/blog\\\/2012\\\/01\\\/cura-interior-2a-parte\\\/#listItem\",\"position\":3,\"name\":\"Cura Interior &#8211; 2a. Parte\",\"previousItem\":{\"@type\":\"ListItem\",\"@id\":\"https:\\\/\\\/chrisallmeida.com\\\/blog\\\/collections\\\/saude-qualidade-de-vida\\\/#listItem\",\"name\":\"Sa\\u00fade e Qualidade de Vida\"}}]},{\"@type\":\"Person\",\"@id\":\"https:\\\/\\\/chrisallmeida.com\\\/blog\\\/#person\",\"name\":\"Chris Allmeida\",\"image\":{\"@type\":\"ImageObject\",\"@id\":\"https:\\\/\\\/chrisallmeida.com\\\/blog\\\/blog\\\/2012\\\/01\\\/cura-interior-2a-parte\\\/#personImage\",\"url\":\"https:\\\/\\\/secure.gravatar.com\\\/avatar\\\/8a1838a2b4e5884c79c187219182959ce3f99a80f4f141d8d6c2ac896c9b9357?s=96&d=mm&r=g\",\"width\":96,\"height\":96,\"caption\":\"Chris Allmeida\"},\"sameAs\":[\"https:\\\/\\\/facebook.com\\\/chrisallmeida\",\"https:\\\/\\\/twitter.com\\\/chrisallmeida\"]},{\"@type\":\"Person\",\"@id\":\"https:\\\/\\\/chrisallmeida.com\\\/blog\\\/blog\\\/author\\\/user\\\/#author\",\"url\":\"https:\\\/\\\/chrisallmeida.com\\\/blog\\\/blog\\\/author\\\/user\\\/\",\"name\":\"Chris Allmeida\",\"image\":{\"@type\":\"ImageObject\",\"@id\":\"https:\\\/\\\/chrisallmeida.com\\\/blog\\\/blog\\\/2012\\\/01\\\/cura-interior-2a-parte\\\/#authorImage\",\"url\":\"https:\\\/\\\/secure.gravatar.com\\\/avatar\\\/b4c9a289323b21a01c3e940f150eb9b8c542587f1abfd8f0e1cc1ffc5e475514?s=96&d=mm&r=g\",\"width\":96,\"height\":96,\"caption\":\"Chris Allmeida\"}},{\"@type\":\"WebPage\",\"@id\":\"https:\\\/\\\/chrisallmeida.com\\\/blog\\\/blog\\\/2012\\\/01\\\/cura-interior-2a-parte\\\/#webpage\",\"url\":\"https:\\\/\\\/chrisallmeida.com\\\/blog\\\/blog\\\/2012\\\/01\\\/cura-interior-2a-parte\\\/\",\"name\":\"Cura Interior \\u2013 2a. Parte - CHRIS ALLMEIDA BLOG\",\"description\":\"Na quarta passada eu publiquei aqui no meu blog a primeira parte da palestra cura interior. Segue agora a segunda e \\u00faltima parte deste trabalho. \\u00c1udio em MP3 | Fazer o download Veja tamb\\u00e9m: Cura Interior - 1a. Parte Sucesso e Felicidade Para Voc\\u00ea!\",\"inLanguage\":\"pt-BR\",\"isPartOf\":{\"@id\":\"https:\\\/\\\/chrisallmeida.com\\\/blog\\\/#website\"},\"breadcrumb\":{\"@id\":\"https:\\\/\\\/chrisallmeida.com\\\/blog\\\/blog\\\/2012\\\/01\\\/cura-interior-2a-parte\\\/#breadcrumblist\"},\"author\":{\"@id\":\"https:\\\/\\\/chrisallmeida.com\\\/blog\\\/blog\\\/author\\\/user\\\/#author\"},\"creator\":{\"@id\":\"https:\\\/\\\/chrisallmeida.com\\\/blog\\\/blog\\\/author\\\/user\\\/#author\"},\"datePublished\":\"2012-01-27T06:10:12-02:00\",\"dateModified\":\"2012-01-27T06:10:12-02:00\"},{\"@type\":\"WebSite\",\"@id\":\"https:\\\/\\\/chrisallmeida.com\\\/blog\\\/#website\",\"url\":\"https:\\\/\\\/chrisallmeida.com\\\/blog\\\/\",\"name\":\"Chris Allmeida\",\"description\":\"Sucesso e Felicidade para Voc\\u00ea!\",\"inLanguage\":\"pt-BR\",\"publisher\":{\"@id\":\"https:\\\/\\\/chrisallmeida.com\\\/blog\\\/#person\"}}]}\n\t\t<\/script>\n\t\t<!-- All in One SEO -->\n\n","aioseo_head_json":{"title":"Cura Interior \u2013 2a. Parte - CHRIS ALLMEIDA BLOG","description":"Na quarta passada eu publiquei aqui no meu blog a primeira parte da palestra cura interior. Segue agora a segunda e \u00faltima parte deste trabalho. \u00c1udio em MP3 | Fazer o download Veja tamb\u00e9m: Cura Interior - 1a. Parte Sucesso e Felicidade Para Voc\u00ea!","canonical_url":"https:\/\/chrisallmeida.com\/blog\/blog\/2012\/01\/cura-interior-2a-parte\/","robots":"max-image-preview:large","keywords":"","webmasterTools":{"miscellaneous":""},"schema":{"@context":"https:\/\/schema.org","@graph":[{"@type":"BlogPosting","@id":"https:\/\/chrisallmeida.com\/blog\/blog\/2012\/01\/cura-interior-2a-parte\/#blogposting","name":"Cura Interior \u2013 2a. Parte - CHRIS ALLMEIDA BLOG","headline":"Cura Interior &#8211; 2a. Parte","author":{"@id":"https:\/\/chrisallmeida.com\/blog\/blog\/author\/user\/#author"},"publisher":{"@id":"https:\/\/chrisallmeida.com\/blog\/#person"},"image":{"@type":"ImageObject","url":"https:\/\/wpchrisallmeida.s3.amazonaws.com\/wp-content\/uploads\/2011\/05\/assinatura-chrisallmeida-300.jpg","@id":"https:\/\/chrisallmeida.com\/blog\/blog\/2012\/01\/cura-interior-2a-parte\/#articleImage"},"datePublished":"2012-01-27T06:10:12-02:00","dateModified":"2012-01-27T06:10:12-02:00","inLanguage":"pt-BR","mainEntityOfPage":{"@id":"https:\/\/chrisallmeida.com\/blog\/blog\/2012\/01\/cura-interior-2a-parte\/#webpage"},"isPartOf":{"@id":"https:\/\/chrisallmeida.com\/blog\/blog\/2012\/01\/cura-interior-2a-parte\/#webpage"},"articleSection":"Sa\u00fade e Qualidade de Vida, cura, cura interior, sa\u00fade"},{"@type":"BreadcrumbList","@id":"https:\/\/chrisallmeida.com\/blog\/blog\/2012\/01\/cura-interior-2a-parte\/#breadcrumblist","itemListElement":[{"@type":"ListItem","@id":"https:\/\/chrisallmeida.com\/blog#listItem","position":1,"name":"In\u00edcio","item":"https:\/\/chrisallmeida.com\/blog","nextItem":{"@type":"ListItem","@id":"https:\/\/chrisallmeida.com\/blog\/collections\/saude-qualidade-de-vida\/#listItem","name":"Sa\u00fade e Qualidade de Vida"}},{"@type":"ListItem","@id":"https:\/\/chrisallmeida.com\/blog\/collections\/saude-qualidade-de-vida\/#listItem","position":2,"name":"Sa\u00fade e Qualidade de Vida","item":"https:\/\/chrisallmeida.com\/blog\/collections\/saude-qualidade-de-vida\/","nextItem":{"@type":"ListItem","@id":"https:\/\/chrisallmeida.com\/blog\/blog\/2012\/01\/cura-interior-2a-parte\/#listItem","name":"Cura Interior &#8211; 2a. Parte"},"previousItem":{"@type":"ListItem","@id":"https:\/\/chrisallmeida.com\/blog#listItem","name":"In\u00edcio"}},{"@type":"ListItem","@id":"https:\/\/chrisallmeida.com\/blog\/blog\/2012\/01\/cura-interior-2a-parte\/#listItem","position":3,"name":"Cura Interior &#8211; 2a. Parte","previousItem":{"@type":"ListItem","@id":"https:\/\/chrisallmeida.com\/blog\/collections\/saude-qualidade-de-vida\/#listItem","name":"Sa\u00fade e Qualidade de Vida"}}]},{"@type":"Person","@id":"https:\/\/chrisallmeida.com\/blog\/#person","name":"Chris Allmeida","image":{"@type":"ImageObject","@id":"https:\/\/chrisallmeida.com\/blog\/blog\/2012\/01\/cura-interior-2a-parte\/#personImage","url":"https:\/\/secure.gravatar.com\/avatar\/8a1838a2b4e5884c79c187219182959ce3f99a80f4f141d8d6c2ac896c9b9357?s=96&d=mm&r=g","width":96,"height":96,"caption":"Chris Allmeida"},"sameAs":["https:\/\/facebook.com\/chrisallmeida","https:\/\/twitter.com\/chrisallmeida"]},{"@type":"Person","@id":"https:\/\/chrisallmeida.com\/blog\/blog\/author\/user\/#author","url":"https:\/\/chrisallmeida.com\/blog\/blog\/author\/user\/","name":"Chris Allmeida","image":{"@type":"ImageObject","@id":"https:\/\/chrisallmeida.com\/blog\/blog\/2012\/01\/cura-interior-2a-parte\/#authorImage","url":"https:\/\/secure.gravatar.com\/avatar\/b4c9a289323b21a01c3e940f150eb9b8c542587f1abfd8f0e1cc1ffc5e475514?s=96&d=mm&r=g","width":96,"height":96,"caption":"Chris Allmeida"}},{"@type":"WebPage","@id":"https:\/\/chrisallmeida.com\/blog\/blog\/2012\/01\/cura-interior-2a-parte\/#webpage","url":"https:\/\/chrisallmeida.com\/blog\/blog\/2012\/01\/cura-interior-2a-parte\/","name":"Cura Interior \u2013 2a. Parte - CHRIS ALLMEIDA BLOG","description":"Na quarta passada eu publiquei aqui no meu blog a primeira parte da palestra cura interior. Segue agora a segunda e \u00faltima parte deste trabalho. \u00c1udio em MP3 | Fazer o download Veja tamb\u00e9m: Cura Interior - 1a. Parte Sucesso e Felicidade Para Voc\u00ea!","inLanguage":"pt-BR","isPartOf":{"@id":"https:\/\/chrisallmeida.com\/blog\/#website"},"breadcrumb":{"@id":"https:\/\/chrisallmeida.com\/blog\/blog\/2012\/01\/cura-interior-2a-parte\/#breadcrumblist"},"author":{"@id":"https:\/\/chrisallmeida.com\/blog\/blog\/author\/user\/#author"},"creator":{"@id":"https:\/\/chrisallmeida.com\/blog\/blog\/author\/user\/#author"},"datePublished":"2012-01-27T06:10:12-02:00","dateModified":"2012-01-27T06:10:12-02:00"},{"@type":"WebSite","@id":"https:\/\/chrisallmeida.com\/blog\/#website","url":"https:\/\/chrisallmeida.com\/blog\/","name":"Chris Allmeida","description":"Sucesso e Felicidade para Voc\u00ea!","inLanguage":"pt-BR","publisher":{"@id":"https:\/\/chrisallmeida.com\/blog\/#person"}}]},"og:locale":"pt_BR","og:site_name":"CHRIS ALLMEIDA BLOG - Sucesso e Felicidade para Voc\u00ea!","og:type":"article","og:title":"Cura Interior \u2013 2a. Parte - CHRIS ALLMEIDA BLOG","og:description":"Na quarta passada eu publiquei aqui no meu blog a primeira parte da palestra cura interior. Segue agora a segunda e \u00faltima parte deste trabalho. \u00c1udio em MP3 | Fazer o download Veja tamb\u00e9m: Cura Interior - 1a. Parte Sucesso e Felicidade Para Voc\u00ea!","og:url":"https:\/\/chrisallmeida.com\/blog\/blog\/2012\/01\/cura-interior-2a-parte\/","article:published_time":"2012-01-27T09:10:12+00:00","article:modified_time":"2012-01-27T09:10:12+00:00","article:publisher":"https:\/\/facebook.com\/chrisallmeida","twitter:card":"summary","twitter:site":"@chrisallmeida","twitter:title":"Cura Interior \u2013 2a. Parte - CHRIS ALLMEIDA BLOG","twitter:description":"Na quarta passada eu publiquei aqui no meu blog a primeira parte da palestra cura interior. Segue agora a segunda e \u00faltima parte deste trabalho. \u00c1udio em MP3 | Fazer o download Veja tamb\u00e9m: Cura Interior - 1a. Parte Sucesso e Felicidade Para Voc\u00ea!","twitter:creator":"@chrisallmeida"},"aioseo_meta_data":{"post_id":"1772","title":null,"description":null,"keywords":null,"keyphrases":null,"primary_term":null,"canonical_url":null,"og_title":null,"og_description":null,"og_object_type":"default","og_image_type":"default","og_image_url":null,"og_image_width":null,"og_image_height":null,"og_image_custom_url":null,"og_image_custom_fields":null,"og_video":null,"og_custom_url":null,"og_article_section":null,"og_article_tags":null,"twitter_use_og":false,"twitter_card":"default","twitter_image_type":"default","twitter_image_url":null,"twitter_image_custom_url":null,"twitter_image_custom_fields":null,"twitter_title":null,"twitter_description":null,"schema":{"blockGraphs":[],"customGraphs":[],"default":{"data":{"Article":[],"Course":[],"Dataset":[],"FAQPage":[],"Movie":[],"Person":[],"Product":[],"ProductReview":[],"Car":[],"Recipe":[],"Service":[],"SoftwareApplication":[],"WebPage":[]},"graphName":"","isEnabled":true},"graphs":[],"defaultGraph":"","defaultPostTypeGraph":""},"schema_type":"default","schema_type_options":null,"pillar_content":false,"robots_default":true,"robots_noindex":false,"robots_noarchive":false,"robots_nosnippet":false,"robots_nofollow":false,"robots_noimageindex":false,"robots_noodp":false,"robots_notranslate":false,"robots_max_snippet":null,"robots_max_videopreview":null,"robots_max_imagepreview":"large","priority":null,"frequency":null,"local_seo":null,"breadcrumb_settings":null,"limit_modified_date":false,"ai":null,"created":"2022-03-25 22:31:28","updated":"2025-06-14 21:53:31","seo_analyzer_scan_date":null},"aioseo_breadcrumb":"<div class=\"aioseo-breadcrumbs\"><span class=\"aioseo-breadcrumb\">\n\t\t\t<a href=\"https:\/\/chrisallmeida.com\/blog\" title=\"In\u00edcio\">In\u00edcio<\/a>\n\t\t<\/span><span class=\"aioseo-breadcrumb-separator\">&raquo;<\/span><span class=\"aioseo-breadcrumb\">\n\t\t\t<a href=\"https:\/\/chrisallmeida.com\/blog\/collections\/saude-qualidade-de-vida\/\" title=\"Sa\u00fade e Qualidade de Vida\">Sa\u00fade e Qualidade de Vida<\/a>\n\t\t<\/span><span class=\"aioseo-breadcrumb-separator\">&raquo;<\/span><span class=\"aioseo-breadcrumb\">\n\t\t\tCura Interior \u2013 2a. Parte\n\t\t<\/span><\/div>","aioseo_breadcrumb_json":[{"label":"In\u00edcio","link":"https:\/\/chrisallmeida.com\/blog"},{"label":"Sa\u00fade e Qualidade de Vida","link":"https:\/\/chrisallmeida.com\/blog\/collections\/saude-qualidade-de-vida\/"},{"label":"Cura Interior &#8211; 2a. Parte","link":"https:\/\/chrisallmeida.com\/blog\/blog\/2012\/01\/cura-interior-2a-parte\/"}],"jetpack_featured_media_url":"","jetpack_sharing_enabled":true,"_links":{"self":[{"href":"https:\/\/chrisallmeida.com\/blog\/wp-json\/wp\/v2\/posts\/1772","targetHints":{"allow":["GET"]}}],"collection":[{"href":"https:\/\/chrisallmeida.com\/blog\/wp-json\/wp\/v2\/posts"}],"about":[{"href":"https:\/\/chrisallmeida.com\/blog\/wp-json\/wp\/v2\/types\/post"}],"author":[{"embeddable":true,"href":"https:\/\/chrisallmeida.com\/blog\/wp-json\/wp\/v2\/users\/2"}],"replies":[{"embeddable":true,"href":"https:\/\/chrisallmeida.com\/blog\/wp-json\/wp\/v2\/comments?post=1772"}],"version-history":[{"count":0,"href":"https:\/\/chrisallmeida.com\/blog\/wp-json\/wp\/v2\/posts\/1772\/revisions"}],"wp:attachment":[{"href":"https:\/\/chrisallmeida.com\/blog\/wp-json\/wp\/v2\/media?parent=1772"}],"wp:term":[{"taxonomy":"category","embeddable":true,"href":"https:\/\/chrisallmeida.com\/blog\/wp-json\/wp\/v2\/categories?post=1772"},{"taxonomy":"post_tag","embeddable":true,"href":"https:\/\/chrisallmeida.com\/blog\/wp-json\/wp\/v2\/tags?post=1772"}],"curies":[{"name":"wp","href":"https:\/\/api.w.org\/{rel}","templated":true}]}}